[{"@context":"https:\/\/schema.org\/","@type":"Article","@id":"https:\/\/www.olkam.cz\/urci-jak-bude-vypadat-obyvaci-pokoj\/#Article","mainEntityOfPage":"https:\/\/www.olkam.cz\/urci-jak-bude-vypadat-obyvaci-pokoj\/","headline":"Ur\u010d\u00ed, jak bude vypadat ob\u00fdvac\u00ed pokoj","name":"Ur\u010d\u00ed, jak bude vypadat ob\u00fdvac\u00ed pokoj","description":"V mal\u00e9m byt\u011b i ve velk\u00e9m rodinn\u00e9m dom\u011b je jist\u011b hlavn\u00edm prostorem, kde se setk\u00e1v\u00e1 rodina, ob\u00fdvac\u00ed pokoj. Z tohoto d\u016fvodu je nejd\u016fle\u017eit\u011bj\u0161\u00edm kusem n\u00e1bytku sedac\u00ed souprava, kter\u00e1 je \u00fast\u0159edn\u00edm &hellip; ","datePublished":"2018-04-05","dateModified":"2023-06-09","author":{"@type":"Person","@id":"https:\/\/www.olkam.cz\/author\/#Person","name":"","url":"https:\/\/www.olkam.cz\/author\/","identifier":1,"image":{"@type":"ImageObject","@id":"https:\/\/secure.gravatar.com\/avatar\/93869824c8aa580f0d16049ad31e69846ffc925e0cbb2826cc9554f53943da69?s=96&d=mm&r=g","url":"https:\/\/secure.gravatar.com\/avatar\/93869824c8aa580f0d16049ad31e69846ffc925e0cbb2826cc9554f53943da69?s=96&d=mm&r=g","height":96,"width":96}},"publisher":{"@type":"Organization","name":"olkam.cz","logo":{"@type":"ImageObject","@id":"\/logo.png","url":"\/logo.png","width":600,"height":60}},"image":{"@type":"ImageObject","@id":"https:\/\/www.olkam.cz\/wp-content\/uploads\/img_a315270_w2103_t1526198501.jpg","url":"https:\/\/www.olkam.cz\/wp-content\/uploads\/img_a315270_w2103_t1526198501.jpg","height":0,"width":0},"url":"https:\/\/www.olkam.cz\/urci-jak-bude-vypadat-obyvaci-pokoj\/","about":["V\u011bda"],"wordCount":420,"articleBody":"      V mal\u00e9m byt\u011b i ve velk\u00e9m rodinn\u00e9m dom\u011b je jist\u011b hlavn\u00edm prostorem, kde se setk\u00e1v\u00e1 rodina, ob\u00fdvac\u00ed pokoj. Z tohoto d\u016fvodu je nejd\u016fle\u017eit\u011bj\u0161\u00edm kusem n\u00e1bytku sedac\u00ed souprava, kter\u00e1 je \u00fast\u0159edn\u00edm m\u00edstem rodinn\u00fdch setk\u00e1n\u00ed a radost\u00ed. Pokud m\u00e1me to \u0161t\u011bst\u00ed, \u017ee ob\u00fdv\u00e1me byt nebo d\u016fm s velkou plochou pro ob\u00fdvac\u00ed pokoj, je v\u00fdb\u011br sedac\u00ed soupravy skute\u010dn\u011b snadn\u00fd. M\u016f\u017eeme si dovolit i sedac\u00ed soupravu velk\u00e9ho rozm\u011bru, kter\u00e1 nab\u00eddne pohodl\u00ed pro hned n\u011bkolik dosp\u011bl\u00fdch osob. Jak ale za\u0159\u00eddit mal\u00fd byt? Ani tam se nejde bez sedac\u00ed soupravy obej\u00edt. V men\u0161\u00edch bytech d\u00e1v\u00e1me p\u0159ednost rozkl\u00e1dac\u00edm sedac\u00edm souprav\u00e1m, kter\u00e9 m\u016f\u017eeme vyu\u017e\u00edt i pro p\u0159\u00edle\u017eitostn\u00e9 nebo pravideln\u00e9 span\u00ed.  Span\u00ed v ob\u00fdvac\u00edm pokoji? \u017d\u00e1dn\u00fd probl\u00e9m \u010casto se mus\u00edme vypo\u0159\u00e1dat se situac\u00ed, kdy nem\u00e1me k dispozici samostatnou lo\u017enici. Ano, je to drobn\u00fd \u00fastupek z na\u0161eho pohodl\u00ed, ale p\u0159i spr\u00e1vn\u00e9m v\u00fdb\u011bru n\u00e1bytku a za\u0159\u00edzen\u00ed to nemus\u00ed p\u0159edstavovat velk\u00fd probl\u00e9m. V\u011bd\u011bli jste, \u017ee jsou k dost\u00e1n\u00ed i n\u00e1dhern\u00e9 varianty sedac\u00edch souprav, kter\u00e9 jsou vhodn\u00e9 i pro ka\u017edodenn\u00ed sp\u00e1nek? Jsou nav\u00edc navr\u017eeny tak, aby v\u00e1m poskytly co nejv\u011bt\u0161\u00ed pohodl\u00ed p\u0159i rozkl\u00e1d\u00e1n\u00ed a skl\u00e1d\u00e1n\u00ed. Do \u00falo\u017en\u00e9ho prostoru uschov\u00e1te l\u016f\u017ekoviny a prost\u011bradlo a n\u011bkolika snadn\u00fdmi pohyby prom\u011bn\u00edte seda\u010dku v plnohodnotnou postel pro cel\u00fd man\u017eelsk\u00fd p\u00e1r. N\u00e1v\u0161t\u011bva na matraci? Ur\u010dit\u011b ne P\u0159i za\u0159izov\u00e1n\u00ed bytu je v\u017edy dobr\u00e9 po\u010d\u00edtat s t\u00edm, \u017ee u v\u00e1s bude pot\u0159ebovat ob\u010das n\u011bkdo p\u0159enocovat. Nemus\u00ed se jednat jen o va\u0161e p\u0159\u00e1tel\u00e9 nebo rodinn\u00e9 p\u0159\u00edslu\u0161n\u00edky. \u010casto se m\u016f\u017ee jednat i o kamar\u00e1dy va\u0161ich d\u011bt\u00ed. Rozkl\u00e1dac\u00ed sedac\u00ed soupravy se hod\u00ed nejen do ob\u00fdvac\u00edho pokoje, ale i do pokoj\u016f studentsk\u00fdch.  L\u00e1kav\u00e9 ceny v\u00e1s nenechaj\u00ed dlouho ot\u00e1let. \u0160irok\u00fd sortiment v\u00e1m zaru\u010d\u00ed pohodln\u00fd v\u00fdb\u011br z nejr\u016fzn\u011bj\u0161\u00edch proveden\u00ed a potahov\u00fdch l\u00e1tek. Vybran\u00fd kus v\u00e1m bude rychle doru\u010den a\u017e k v\u00e1m dom\u016f a za jeho dopravu nebudete platit nic nav\u00edc!                                                                                                                                                                                                                                                                                                                                                                                           4.6\/5 - (10 votes)        "},{"@context":"https:\/\/schema.org\/","@type":"BreadcrumbList","itemListElement":[{"@type":"ListItem","position":1,"name":"Ur\u010d\u00ed, jak bude vypadat ob\u00fdvac\u00ed pokoj","item":"https:\/\/www.olkam.cz\/urci-jak-bude-vypadat-obyvaci-pokoj\/#breadcrumbitem"}]}]